{"id":1317,"date":"2017-05-09T18:43:54","date_gmt":"2017-05-09T18:43:54","guid":{"rendered":"http:\/\/plantasdobrasil.com.br\/curso-de-dendrologia\/?p=1317"},"modified":"2018-02-14T18:01:53","modified_gmt":"2018-02-14T18:01:53","slug":"schinus-molle","status":"publish","type":"post","link":"https:\/\/plantasdobrasil.com.br\/curso-de-dendrologia\/schinus-molle\/","title":{"rendered":"Schinus molle"},"content":{"rendered":"<p><strong>Nome Cient\u00edfico:<\/strong><em> Schinus molle <\/em>L.<strong><em>\u00a0\u00a0\u00a0\u00a0\u00a0\u00a0\u00a0\u00a0\u00a0\u00a0\u00a0\u00a0\u00a0\u00a0\u00a0\u00a0\u00a0\u00a0\u00a0\u00a0\u00a0\u00a0\u00a0\u00a0\u00a0\u00a0 <\/em>\u00a0\u00a0\u00a0\u00a0\u00a0\u00a0\u00a0\u00a0\u00a0\u00a0\u00a0\u00a0\u00a0\u00a0\u00a0\u00a0\u00a0\u00a0\u00a0\u00a0\u00a0\u00a0\u00a0\u00a0\u00a0\u00a0\u00a0\u00a0\u00a0\u00a0\u00a0\u00a0\u00a0\u00a0\u00a0\u00a0\u00a0\u00a0\u00a0\u00a0\u00a0\u00a0\u00a0\u00a0\u00a0\u00a0\u00a0\u00a0\u00a0\u00a0\u00a0\u00a0\u00a0\u00a0\u00a0\u00a0\u00a0\u00a0\u00a0<\/strong><\/p>\n<p><strong>Fam\u00edlia:<\/strong> Anacardiaceae<strong>\u00a0\u00a0\u00a0\u00a0\u00a0\u00a0\u00a0\u00a0\u00a0\u00a0\u00a0\u00a0\u00a0\u00a0 <\/strong><\/p>\n<p><strong>Nomes Populares: <\/strong>aroeira-salsa, chor\u00e3ozinho, aroeirinha, aroeira-mansa, bugreirinho, bugreiro, aroeira-chor\u00e3o, aroeira-folha-de-salsa, aroeirinha, aroeira-piriquita<\/p>\n<p><strong>Sinon\u00edmia Bot\u00e2nica: <\/strong><em>Schinus angustifolius<\/em> Sess\u00e9 &amp; Moc., <em>Schinus areira<\/em> L., <em>Schinus molle<\/em> var. <em>areira<\/em> (L.) DC., <em>Schinus bituminosus<\/em> Salisb., <em>Schinus huigan<\/em> Molina, <em>Schinus molle <\/em>var. <em>huigan <\/em>(Molina) Marchand, <em>Schinus molle <\/em>var. <em>areira<\/em> (L.) DC., <em>Schinus molle<\/em> var. <em>argentifolius<\/em> Marchand, <em>Schinus molle<\/em> var. <em>huyngan<\/em> (Molina) March., S<em>chinus occidentalis<\/em> Sess\u00e9 &amp; Moc.<\/p>\n<p>&nbsp;<\/p>\n<div id='gallery-1' class='gallery galleryid-1317 gallery-columns-4 gallery-size-thumbnail'><dl class='gallery-item'>\n\t\t\t<dt class='gallery-icon portrait'>\n\t\t\t\t<a href='https:\/\/plantasdobrasil.com.br\/curso-de-dendrologia\/schinus-molle\/a-8\/'><img loading=\"lazy\" decoding=\"async\" width=\"150\" height=\"150\" src=\"https:\/\/plantasdobrasil.com.br\/curso-de-dendrologia\/wp-content\/uploads\/2017\/05\/a-7-150x150.jpg\" class=\"attachment-thumbnail size-thumbnail\" alt=\"\" srcset=\"https:\/\/plantasdobrasil.com.br\/curso-de-dendrologia\/wp-content\/uploads\/2017\/05\/a-7-150x150.jpg 150w, https:\/\/plantasdobrasil.com.br\/curso-de-dendrologia\/wp-content\/uploads\/2017\/05\/a-7-300x300.jpg 300w, https:\/\/plantasdobrasil.com.br\/curso-de-dendrologia\/wp-content\/uploads\/2017\/05\/a-7-100x100.jpg 100w\" sizes=\"auto, (max-width: 150px) 100vw, 150px\" \/><\/a>\n\t\t\t<\/dt><\/dl><dl class='gallery-item'>\n\t\t\t<dt class='gallery-icon portrait'>\n\t\t\t\t<a href='https:\/\/plantasdobrasil.com.br\/curso-de-dendrologia\/schinus-molle\/b-8\/'><img loading=\"lazy\" decoding=\"async\" width=\"150\" height=\"150\" src=\"https:\/\/plantasdobrasil.com.br\/curso-de-dendrologia\/wp-content\/uploads\/2017\/05\/b-7-150x150.jpg\" class=\"attachment-thumbnail size-thumbnail\" alt=\"\" srcset=\"https:\/\/plantasdobrasil.com.br\/curso-de-dendrologia\/wp-content\/uploads\/2017\/05\/b-7-150x150.jpg 150w, https:\/\/plantasdobrasil.com.br\/curso-de-dendrologia\/wp-content\/uploads\/2017\/05\/b-7-300x300.jpg 300w, https:\/\/plantasdobrasil.com.br\/curso-de-dendrologia\/wp-content\/uploads\/2017\/05\/b-7-100x100.jpg 100w\" sizes=\"auto, (max-width: 150px) 100vw, 150px\" \/><\/a>\n\t\t\t<\/dt><\/dl><dl class='gallery-item'>\n\t\t\t<dt class='gallery-icon portrait'>\n\t\t\t\t<a href='https:\/\/plantasdobrasil.com.br\/curso-de-dendrologia\/schinus-molle\/c-9\/'><img loading=\"lazy\" decoding=\"async\" width=\"150\" height=\"150\" src=\"https:\/\/plantasdobrasil.com.br\/curso-de-dendrologia\/wp-content\/uploads\/2017\/05\/c-8-150x150.jpg\" class=\"attachment-thumbnail size-thumbnail\" alt=\"\" srcset=\"https:\/\/plantasdobrasil.com.br\/curso-de-dendrologia\/wp-content\/uploads\/2017\/05\/c-8-150x150.jpg 150w, https:\/\/plantasdobrasil.com.br\/curso-de-dendrologia\/wp-content\/uploads\/2017\/05\/c-8-300x300.jpg 300w, https:\/\/plantasdobrasil.com.br\/curso-de-dendrologia\/wp-content\/uploads\/2017\/05\/c-8-100x100.jpg 100w\" sizes=\"auto, (max-width: 150px) 100vw, 150px\" \/><\/a>\n\t\t\t<\/dt><\/dl><dl class='gallery-item'>\n\t\t\t<dt class='gallery-icon portrait'>\n\t\t\t\t<a href='https:\/\/plantasdobrasil.com.br\/curso-de-dendrologia\/schinus-molle\/d-7\/'><img loading=\"lazy\" decoding=\"async\" width=\"150\" height=\"150\" src=\"https:\/\/plantasdobrasil.com.br\/curso-de-dendrologia\/wp-content\/uploads\/2017\/05\/d-6-150x150.jpg\" class=\"attachment-thumbnail size-thumbnail\" alt=\"\" srcset=\"https:\/\/plantasdobrasil.com.br\/curso-de-dendrologia\/wp-content\/uploads\/2017\/05\/d-6-150x150.jpg 150w, https:\/\/plantasdobrasil.com.br\/curso-de-dendrologia\/wp-content\/uploads\/2017\/05\/d-6-300x300.jpg 300w, https:\/\/plantasdobrasil.com.br\/curso-de-dendrologia\/wp-content\/uploads\/2017\/05\/d-6-100x100.jpg 100w\" sizes=\"auto, (max-width: 150px) 100vw, 150px\" \/><\/a>\n\t\t\t<\/dt><\/dl><br style=\"clear: both\" \/><dl class='gallery-item'>\n\t\t\t<dt class='gallery-icon portrait'>\n\t\t\t\t<a href='https:\/\/plantasdobrasil.com.br\/curso-de-dendrologia\/schinus-molle\/e-7\/'><img loading=\"lazy\" decoding=\"async\" width=\"150\" height=\"150\" src=\"https:\/\/plantasdobrasil.com.br\/curso-de-dendrologia\/wp-content\/uploads\/2017\/05\/e-6-150x150.jpg\" class=\"attachment-thumbnail size-thumbnail\" alt=\"\" srcset=\"https:\/\/plantasdobrasil.com.br\/curso-de-dendrologia\/wp-content\/uploads\/2017\/05\/e-6-150x150.jpg 150w, https:\/\/plantasdobrasil.com.br\/curso-de-dendrologia\/wp-content\/uploads\/2017\/05\/e-6-300x300.jpg 300w, https:\/\/plantasdobrasil.com.br\/curso-de-dendrologia\/wp-content\/uploads\/2017\/05\/e-6-100x100.jpg 100w\" sizes=\"auto, (max-width: 150px) 100vw, 150px\" \/><\/a>\n\t\t\t<\/dt><\/dl><dl class='gallery-item'>\n\t\t\t<dt class='gallery-icon portrait'>\n\t\t\t\t<a href='https:\/\/plantasdobrasil.com.br\/curso-de-dendrologia\/schinus-molle\/f-7\/'><img loading=\"lazy\" decoding=\"async\" width=\"150\" height=\"150\" src=\"https:\/\/plantasdobrasil.com.br\/curso-de-dendrologia\/wp-content\/uploads\/2017\/05\/f-6-150x150.jpg\" class=\"attachment-thumbnail size-thumbnail\" alt=\"\" srcset=\"https:\/\/plantasdobrasil.com.br\/curso-de-dendrologia\/wp-content\/uploads\/2017\/05\/f-6-150x150.jpg 150w, https:\/\/plantasdobrasil.com.br\/curso-de-dendrologia\/wp-content\/uploads\/2017\/05\/f-6-300x300.jpg 300w, https:\/\/plantasdobrasil.com.br\/curso-de-dendrologia\/wp-content\/uploads\/2017\/05\/f-6-100x100.jpg 100w\" sizes=\"auto, (max-width: 150px) 100vw, 150px\" \/><\/a>\n\t\t\t<\/dt><\/dl><dl class='gallery-item'>\n\t\t\t<dt class='gallery-icon portrait'>\n\t\t\t\t<a href='https:\/\/plantasdobrasil.com.br\/curso-de-dendrologia\/schinus-molle\/g-5\/'><img loading=\"lazy\" decoding=\"async\" width=\"150\" height=\"150\" src=\"https:\/\/plantasdobrasil.com.br\/curso-de-dendrologia\/wp-content\/uploads\/2017\/05\/g-4-150x150.jpg\" class=\"attachment-thumbnail size-thumbnail\" alt=\"\" srcset=\"https:\/\/plantasdobrasil.com.br\/curso-de-dendrologia\/wp-content\/uploads\/2017\/05\/g-4-150x150.jpg 150w, https:\/\/plantasdobrasil.com.br\/curso-de-dendrologia\/wp-content\/uploads\/2017\/05\/g-4-300x300.jpg 300w, https:\/\/plantasdobrasil.com.br\/curso-de-dendrologia\/wp-content\/uploads\/2017\/05\/g-4-100x100.jpg 100w\" sizes=\"auto, (max-width: 150px) 100vw, 150px\" \/><\/a>\n\t\t\t<\/dt><\/dl>\n\t\t\t<br style='clear: both' \/>\n\t\t<\/div>\n\n<p><!--more--><\/p>\n<p>&nbsp;<\/p>\n<p><strong>Descri\u00e7\u00e3o: <\/strong>\u00c1rvore perenif\u00f3lia de at\u00e9 20 m de altura. Possui casca externa rugosa, deiscente em pequenas placas irregulares e casca interna rosada de textura fibrosa.<\/p>\n<p>Suas folhas s\u00e3o compostas, geralmente imparipinadas, medem de 5 a 12 cm de largura por at\u00e9 20 cm de comprimento e possuem de 9 a 25 fol\u00edolos. Os fol\u00edolos apresentam limbo linear-lanceolado, com margem serreada, \u00e1pice agudo e medem cerca 0,5 a 1 cm de largura por 3 a 8 cm de comprimento.<\/p>\n<p>As flores, pequenas e amareladas, s\u00e3o unissexuadas, pent\u00e2meras, actinomorfas e diclam\u00eddeas. Agrupam-se em pan\u00edculas terminais ou axilares de at\u00e9 40 cm de comprimento.<\/p>\n<p>Os frutos s\u00e3o drupas globosas, de at\u00e9 6 mm de di\u00e2metro, com epicarpo papir\u00e1ceo-quebradi\u00e7o, liso e de colora\u00e7\u00e3o marron quando maduros.<\/p>\n<p>&nbsp;<\/p>\n<p><strong>Fenologia: <\/strong>A flora\u00e7\u00e3o ocorre de setembro a novembro e a frutifica\u00e7\u00e3o de dezembro a mar\u00e7o.<\/p>\n<p>&nbsp;<\/p>\n<p><strong>Utiliza\u00e7\u00e3o: <\/strong>A madeira, resistente e de excelente durabilidade, \u00e9 usada na constru\u00e7\u00e3o civil, tornearia, obras hidr\u00e1ulicas e apreciada para confec\u00e7\u00e3o de palanques e mour\u00f5es.<\/p>\n<p>\u00c9 uma das esp\u00e9cies mais utilizadas na arboriza\u00e7\u00e3o urbana no sul do Brasil. Presta-se para o paisagismo em geral, pois sua copa, com ramifica\u00e7\u00e3o pendente e delicada folhagem, torna-a muito ornamental.<\/p>\n<p>Possui \u00f3leo essencial com efeito fungicida comprovado, sendo uma das alternativas para reduzir o uso de agrot\u00f3xicos. Tamb\u00e9m usada como fonte de terebintina e tanino. Na medicina popular \u00e9 usada como adstringente, antidiarr\u00e9ica, anti-inflamat\u00f3ria, antirreum\u00e1tica, bals\u00e2mica, cicatrizante, anti\u00falcera, emenagoga e t\u00f4nica.<\/p>\n<p>Os frutos s\u00e3o utilizados para o preparo de uma bebida alco\u00f3lica e quando transformados em p\u00f3, tornam-se um tipo de pimenta, uma especiaria que pode ser utilizada como condimento em carnes, peixes e outros pratos. \u00c9 mel\u00edfera e os frutos s\u00e3o muito consumidos pelos p\u00e1ssaros. Indicada para recupera\u00e7\u00e3o de \u00e1reas degradadas.<\/p>\n<p>&nbsp;<\/p>\n<p><strong>Ecologia e Propaga\u00e7\u00e3o: <\/strong>Esp\u00e9cie perenif\u00f3lia, pioneira e heli\u00f3fita. A propaga\u00e7\u00e3o \u00e9 feita por sementes. A semeadura deve ser realizada da mesma forma que as outras esp\u00e9cies do mesmo g\u00eanero, contudo prefere substrato arenoso.Taxa de germina\u00e7\u00e3o em torno de 50% e emerg\u00eancia em aproximadamente 30 dias. Crescimento r\u00e1pido.<\/p>\n<p>&nbsp;<\/p>\n<p><strong>Distribui\u00e7\u00e3o Geogr\u00e1fica: <\/strong>Sua ocorr\u00eancia natural s\u00f3 pode ser confirmada em Santa Catarina, na depress\u00e3o do Rio Uruguai em Floresta Estacional Semidecidual, e no Rio Grande do Sul, na Depress\u00e3o Central em Floresta Estacional Decidual e na regi\u00e3o do Pampa Ga\u00facho.<\/p>\n","protected":false},"excerpt":{"rendered":"<p>Nome Cient\u00edfico: Schinus molle L.\u00a0\u00a0\u00a0\u00a0\u00a0\u00a0\u00a0\u00a0\u00a0\u00a0\u00a0\u00a0\u00a0\u00a0\u00a0\u00a0\u00a0\u00a0\u00a0\u00a0\u00a0\u00a0\u00a0\u00a0\u00a0\u00a0 \u00a0\u00a0\u00a0\u00a0\u00a0\u00a0\u00a0\u00a0\u00a0\u00a0\u00a0\u00a0\u00a0\u00a0\u00a0\u00a0\u00a0\u00a0\u00a0\u00a0\u00a0\u00a0\u00a0\u00a0\u00a0\u00a0\u00a0\u00a0\u00a0\u00a0\u00a0\u00a0\u00a0\u00a0\u00a0\u00a0\u00a0\u00a0\u00a0\u00a0\u00a0\u00a0\u00a0\u00a0\u00a0\u00a0\u00a0\u00a0\u00a0\u00a0\u00a0\u00a0\u00a0\u00a0\u00a0\u00a0\u00a0\u00a0\u00a0 Fam\u00edlia: Anacardiaceae\u00a0\u00a0\u00a0\u00a0\u00a0\u00a0\u00a0\u00a0\u00a0\u00a0\u00a0\u00a0\u00a0\u00a0 Nomes Populares: aroeira-salsa, chor\u00e3ozinho, aroeirinha, aroeira-mansa, bugreirinho, bugreiro, aroeira-chor\u00e3o, aroeira-folha-de-salsa, aroeirinha, aroeira-piriquita Sinon\u00edmia Bot\u00e2nica: Schinus angustifolius Sess\u00e9 &amp; Moc., Schinus areira L., Schinus molle var. areira (L.) DC., Schinus bituminosus Salisb., Schinus huigan Molina, Schinus molle var. huigan (Molina) Marchand, Schinus molle var. areira (L.) DC., Schinus [&hellip;]<\/p>\n","protected":false},"author":1,"featured_media":0,"comment_status":"open","ping_status":"open","sticky":false,"template":"","format":"standard","meta":{"content-type":"","_exactmetrics_skip_tracking":false,"_exactmetrics_sitenote_active":false,"_exactmetrics_sitenote_note":"","_exactmetrics_sitenote_category":0,"_joinchat":[],"footnotes":""},"categories":[1],"tags":[5,7],"class_list":["post-1317","post","type-post","status-publish","format-standard","hentry","category-uncategorized","tag-anacardiaceae","tag-schinus","tipo-de-vegetacao-area-antropica","tipo-de-vegetacao-floresta-estacional-semidecidual","tipo-de-vegetacao-floresta-ombrofila-floresta-pluvial","tipo-de-vegetacao-floresta-ombrofila-mista","dominio-fitogeografico-mata-atlantica","dominio-fitogeografico-pampa","estado-parana","estado-rio-grande-do-sul","estado-santa-catarina","genero-schinus","familia-anacardiaceae"],"_links":{"self":[{"href":"https:\/\/plantasdobrasil.com.br\/curso-de-dendrologia\/wp-json\/wp\/v2\/posts\/1317","targetHints":{"allow":["GET"]}}],"collection":[{"href":"https:\/\/plantasdobrasil.com.br\/curso-de-dendrologia\/wp-json\/wp\/v2\/posts"}],"about":[{"href":"https:\/\/plantasdobrasil.com.br\/curso-de-dendrologia\/wp-json\/wp\/v2\/types\/post"}],"author":[{"embeddable":true,"href":"https:\/\/plantasdobrasil.com.br\/curso-de-dendrologia\/wp-json\/wp\/v2\/users\/1"}],"replies":[{"embeddable":true,"href":"https:\/\/plantasdobrasil.com.br\/curso-de-dendrologia\/wp-json\/wp\/v2\/comments?post=1317"}],"version-history":[{"count":3,"href":"https:\/\/plantasdobrasil.com.br\/curso-de-dendrologia\/wp-json\/wp\/v2\/posts\/1317\/revisions"}],"predecessor-version":[{"id":1971,"href":"https:\/\/plantasdobrasil.com.br\/curso-de-dendrologia\/wp-json\/wp\/v2\/posts\/1317\/revisions\/1971"}],"wp:attachment":[{"href":"https:\/\/plantasdobrasil.com.br\/curso-de-dendrologia\/wp-json\/wp\/v2\/media?parent=1317"}],"wp:term":[{"taxonomy":"category","embeddable":true,"href":"https:\/\/plantasdobrasil.com.br\/curso-de-dendrologia\/wp-json\/wp\/v2\/categories?post=1317"},{"taxonomy":"post_tag","embeddable":true,"href":"https:\/\/plantasdobrasil.com.br\/curso-de-dendrologia\/wp-json\/wp\/v2\/tags?post=1317"}],"curies":[{"name":"wp","href":"https:\/\/api.w.org\/{rel}","templated":true}]}}